{"id":18,"date":"2024-09-20T10:45:28","date_gmt":"2024-09-20T10:45:28","guid":{"rendered":"https:\/\/anwerbeabkommen.univie.ac.at\/?p=18"},"modified":"2025-01-31T09:30:42","modified_gmt":"2025-01-31T09:30:42","slug":"programm","status":"publish","type":"post","link":"https:\/\/anwerbeabkommen.univie.ac.at\/?p=18","title":{"rendered":"Programm"},"content":{"rendered":"\n<h3 class=\"wp-block-heading\">Stand 20.09.2024<\/h3>\n\n\n\n<div class=\"wp-block-group is-vertical is-layout-flex wp-container-core-group-is-layout-4fc3f8e1 wp-block-group-is-layout-flex\">\n<figure class=\"wp-block-table\"><table><tbody><tr><td>Termin<\/td><td>Datum<\/td><td class=\"has-text-align-left\" data-align=\"left\">Titel<\/td><td>Ort &amp; Zeit<\/td><\/tr><tr><td>1<\/td><td>02.10.2024<\/td><td class=\"has-text-align-left\" data-align=\"left\"><strong>Auftakt und Pr\u00e4sentation<\/strong><br><em>Das Organisationsteam<\/em><\/td><td><a href=\"https:\/\/event.univie.ac.at\/raummanagement\/standorte-und-raeume\/das-hauptgebaeude\/hoersaele\/big-hoersaal\/\">BIG-H\u00f6rsaal<\/a><br>18:30 \u2013 20:00<br><a href=\"https:\/\/www.youtube.com\/live\/JdMjSBA4Qzo\">Aufzeichnung<\/a><\/td><\/tr><tr><td>2<\/td><td>09.10.2024<\/td><td class=\"has-text-align-left\" data-align=\"left\">Vortrag:<strong> Historisch-Soziologischer Blick: Narrative und Perspektiven<\/strong><br><em>Christoph Reinprecht<\/em>,<em> Universit\u00e4t Wien<\/em><\/td><td><a href=\"https:\/\/event.univie.ac.at\/raummanagement\/standorte-und-raeume\/das-hauptgebaeude\/hoersaele\/big-hoersaal\/\">BIG-H\u00f6rsaal<\/a><br>18:30 \u2013 20:00<br><a href=\"https:\/\/www.youtube.com\/watch?v=xgdA2gY82bg&amp;list=PLJlwxvcFTl1FgJwbAiZQRg6Sz8Tg-Qjwr&amp;t=75s\">Aufzeichnung<\/a><\/td><\/tr><tr><td>3<\/td><td>16.10.2024<\/td><td class=\"has-text-align-left\" data-align=\"left\">Interaktiver Vortrag:<strong> Musik der Arbeitsmigrant*innen aus der T\u00fcrkei<\/strong><br><em>Umut Akar, UMAK Musik-Akademie<\/em><\/td><td><a href=\"https:\/\/event.univie.ac.at\/raummanagement\/standorte-und-raeume\/das-hauptgebaeude\/hoersaele\/big-hoersaal\/\">BIG-H\u00f6rsaal<\/a><br>18:30 \u2013 20:00<br><a href=\"https:\/\/www.youtube.com\/live\/s_P0K4C_WnA\">Aufzeichnung<\/a><\/td><\/tr><tr><td>4<\/td><td>23.10.2024<\/td><td class=\"has-text-align-left\" data-align=\"left\">Kurzvortrag &amp; Paneldiskussion:<strong> Arbeitsmigration aus der T\u00fcrkei \u2013 die Genderperspektive<\/strong><br><em>Kurzvortrag: Katharina Zahradnik-Stanzel, Abteilung Integration und Diversit\u00e4t der Stadt Wien<em> <strong>\u00b7<\/strong><\/em> Moderation: Zeynep Arslan, <em>Gender- und Diversit\u00e4tsexpertin, Autorin, Herausgeberin, Trainerin, Projekt- und<em> Veranstaltungsmanagerin<\/em><\/em> <strong>\u00b7<\/strong><\/em> <em>Paneldiskutant*innen: Seher \u00c7ak\u0131r, Autorin <strong>\u00b7<\/strong><\/em> <em>T\u00fclay Tuncel, Gr\u00fcndungscoach bei der Wirtschaftsagentur Wien <strong>\u00b7<\/strong><\/em> <em>Eser Akbaba, Moderatorin und Journalistin <strong>\u00b7<\/strong><\/em> <em>Karin Zimmermann, Bundesfrauensekret\u00e4rin,&nbsp;\u00d6sterreichischer Gewerkschaftsbund<\/em><\/td><td><a href=\"https:\/\/event.univie.ac.at\/raummanagement\/standorte-und-raeume\/das-hauptgebaeude\/hoersaele\/big-hoersaal\/\">BIG-H\u00f6rsaal<\/a><br>18:30 \u2013 20:00<\/td><\/tr><tr><td>5<\/td><td>30.10.2024<\/td><td class=\"has-text-align-left\" data-align=\"left\">Vortrag:<strong> Geschichte und Ged\u00e4chtnis der Migration in \u00d6sterreich<\/strong><br><em>Dirk Rupnow, Institut f\u00fcr Zeitgeschichte, Universit\u00e4t Innsbruck<\/em><\/td><td><a href=\"https:\/\/event.univie.ac.at\/raummanagement\/standorte-und-raeume\/das-hauptgebaeude\/hoersaele\/big-hoersaal\/\">BIG-H\u00f6rsaal<\/a><br>18:30 \u2013 20:00<br><a href=\"https:\/\/www.youtube.com\/watch?v=vLvz_mGlSBM\">Aufzeichung<\/a><\/td><\/tr><tr><td>6<\/td><td>06.11.2024<\/td><td class=\"has-text-align-left\" data-align=\"left\">Filmvorf\u00fchrung &amp; Podiumsdiskussion: <strong><a href=\"https:\/\/www.askmarkveolum.de\/\">A\u015fk, Mark ve \u00d6l\u00fcm \u2013 Liebe, D-Mark und Tod<\/a><\/strong><br><em>Moderation: Erhan Altan, Neuer Wiener Diwan<em> <strong>\u00b7<\/strong><\/em> Podiumsdiskutant*innen: Kenan K\u0131l\u0131\u00e7, Regisseur, Drehbuchautor<em> <strong>\u00b7<\/strong><\/em> Asl\u0131 K\u0131\u015flal, Regisseurin, Dramaturgin, Gr\u00fcnderin diverCITYLAB<em> <strong>\u00b7<\/strong><\/em> Elif Bilici, Freischaffende K\u00fcnstlerin, Dschungel Wien<\/em><\/td><td><a href=\"https:\/\/www.votivkino.at\/\">Votivkino<\/a> (Filmstart 19:30, mit Diskussion im Anschluss bis ca. 22:30)<\/td><\/tr><tr><td>7<\/td><td>13.11.2024<\/td><td class=\"has-text-align-left\" data-align=\"left\">Vortrag: <strong>Ver\u00e4nderungen der deutschen Sprache im Zuge der Migration in der zweiten Republik<\/strong><br><em>\u0130nci Dirim, Institut f\u00fcr Germanistik, Universit\u00e4t Wien<em> <strong>\u00b7<\/strong><\/em> Matej Jakic, Deutschlehrer in Wien, Absolvent der Germanistik und Zentrum f\u00fcr Lehrer*innenbildung<\/em><\/td><td><a href=\"https:\/\/event.univie.ac.at\/raummanagement\/standorte-und-raeume\/das-hauptgebaeude\/hoersaele\/big-hoersaal\/\">BIG-H\u00f6rsaal<\/a><br>18:30 \u2013 20:00<br><a href=\"https:\/\/www.youtube.com\/live\/DanRxEylSSE\">Aufzeichnung<\/a><\/td><\/tr><tr><td>8<\/td><td>20.11.2024&nbsp;<\/td><td class=\"has-text-align-left\" data-align=\"left\">Roundtable: <strong>Plurilingualit\u00e4t der Migrant*innen aus der T\u00fcrkei<\/strong><br><em>Moderation: Khoi Nguyen &amp; Jonas Hassemer, Institut f\u00fcr Sprachwissenschaft, Universit\u00e4t Wien<em> <strong>\u00b7<\/strong><\/em> Diskutant*innen: Zeynep Arslan, Gender- und Diversit\u00e4tsexpertin, Autorin, Herausgeberin, Trainerin, Projekt- und<em> Veranstaltungsmanagerin <strong>\u00b7<\/strong><\/em> Dilek Ta\u015fdemir, Volkshochschule Wien<em> <strong>\u00b7<\/strong><\/em> Clara Holzinger, Institut f\u00fcr Soziologie, Universit\u00e4t Wien<em> <strong>\u00b7<\/strong><\/em> Reva Akku\u015f, Psychotherapeutin, Supervisorin, Beraterin<em> <strong>\u00b7<\/strong><\/em> Verena Plutzar, Institut f\u00fcr Germanistik, Universit\u00e4t Wien<\/em><\/td><td><a href=\"https:\/\/event.univie.ac.at\/raummanagement\/standorte-und-raeume\/das-hauptgebaeude\/hoersaele\/big-hoersaal\/\">BIG-H\u00f6rsaal<\/a><br>18:30 \u2013 20:00<br><a href=\"https:\/\/www.youtube.com\/live\/u5SbBPxMYac\">Aufzeichnung<\/a><\/td><\/tr><tr><td>9<\/td><td>27.11.2024<\/td><td class=\"has-text-align-left\" data-align=\"left\">Impulsvortrag &amp; Paneldiskussion: <strong>Politischer Aktivismus und soziale K\u00e4mpfe von Arbeitsmigrant*innen<\/strong><br><em>Moderation und Mitdiskutant: <em>\u0130<\/em>lker Ata\u00e7, Fachbereich Sozialwesen, Hochschule Fulda<em> <strong>\u00b7<\/strong><\/em> Diskutant*innen: <\/em> <em>Katarzyna Winiecka, Gesch\u00e4ftsleiterin, UNDOK-Anlaufstelle zur gewerkschaftlichen Unterst\u00fctzung undokumentiert Arbeitender<em> <strong>\u00b7<\/strong><\/em> Arif Akk\u0131l\u0131\u00e7, Initiator des Arbeitskreises \u201eArchiv der Migration\u201c<em> <strong>\u00b7<\/strong><\/em> Ali Gedik, Pensionist, Aktivist<\/em> <em><em><strong>\u00b7<\/strong><\/em> Elizabeth Mart\u00ednez, Au Pair Repair<\/em><\/td><td><a href=\"https:\/\/event.univie.ac.at\/raummanagement\/standorte-und-raeume\/das-hauptgebaeude\/hoersaele\/big-hoersaal\/\">BIG-H\u00f6rsaal<\/a><br>18:30 \u2013 20:00<br><a href=\"https:\/\/www.youtube.com\/live\/eDOTj9Azajg\">Aufzeichnung<\/a> <\/td><\/tr><tr><td>10<\/td><td>04.12.2024<\/td><td class=\"has-text-align-left\" data-align=\"left\">Impulsvortrag &amp; Paneldiskussion<strong>: Von der &#8216;Ausl\u00e4nderp\u00e4dagogik&#8217; zu den Deutschf\u00f6rderklassen \u2013 60 Jahre Sprachf\u00f6rderung f\u00fcr Sch\u00fcler:innen mit anderen Erstsprachen als Deutsch<\/strong><br><em>Kurzvortrag: Rudolf de Cillia, Institut f\u00fcr Sprachwissenschaft, Universit\u00e4t Wien <em> <strong>\u00b7<\/strong><\/em> Moderation: Kumru Uzunkaya-Sharma, Institut f\u00fcr Sprachwissenschaft<em> <strong>\u00b7<\/strong><\/em> Diskutant*innen: Verena Blaschitz, Institut f\u00fcr Germanistik, Universit\u00e4t Wien<em> <strong>\u00b7<\/strong><\/em> Sabri \u00d6zmen, Sprachf\u00f6rderzentrum, Bildungsdirektion Wien<em> <strong>\u00b7<\/strong><\/em> T\u00fclay Y\u0131lmaz-G\u00fcl\u015fan, Verein muttersprachlicher LehrerInnen \u00d6sterreich, VMLOE<\/em> <em><strong>\u00b7<\/strong>&nbsp;Alev Korun, Teach for Austria<\/em><\/td><td><a href=\"https:\/\/event.univie.ac.at\/raummanagement\/standorte-und-raeume\/das-hauptgebaeude\/hoersaele\/big-hoersaal\/\">BIG-H\u00f6rsaal<\/a><br>18:30 \u2013 20:00<br><a href=\"https:\/\/www.youtube.com\/live\/Qd4fkHzfVyA\">Aufzeichnung<\/a><\/td><\/tr><tr><td>11<\/td><td>11.12.2024<\/td><td class=\"has-text-align-left\" data-align=\"left\">Book Launch <strong><a href=\"https:\/\/bibliothek.univie.ac.at\/events\/008140.html\">Migrationsp\u00e4dagogische Perspektiven auf den erst-\/herkunfts-\/mutter-sprachlichen Unterricht<\/a><\/strong><br><em>mit Sabine Guldenschuh &amp; Maria Weichselbaum, Institut f\u00fcr Germanistik aus dem Herausgeberinnenteam und Autorinnen Mi-Cha Flubacher, Z\u00fcrcher Hochschule f\u00fcr Angewandte Wissenschaften, Angewandte Linguistik &amp; Sara H\u00e4gi-Mead, Institut f\u00fcr Germanistik, Rheinland-Pf\u00e4lzische Technische Universit\u00e4t Kaiserslautern-Landau<\/em><\/td><td><a href=\"https:\/\/bibliothek.univie.ac.at\/fb-bsvl\/\">FB Bildungswissenschaft, Sprachwissenschaft und Vergleichenden Literaturwissenschaft<\/a><br>19:00 \u2013 20:30 (mit anschlie\u00dfendem Ausklang)<\/td><\/tr><tr><td>12<\/td><td>08.01.2025<\/td><td class=\"has-text-align-left\" data-align=\"left\">Podiumsdiskussion:<strong> Gesundheitskompetenz der Migrant*innen aus der T\u00fcrkei \u2013 Was ist passiert? Wo stehen wir heute?<\/strong><br><em>Moderation:<strong> <\/strong>Alexandra Grasl-Akkilic, B\u00fcro f\u00fcr Frauengesundheit und Gesundheitsziele, MA 24<em> <strong>\u00b7<\/strong><\/em> Diskutant*innen: T\u00fcrkan Akkaya-Kalayc\u0131, Medizinische Universit\u00e4t Wien<em> <strong>\u00b7<\/strong><\/em> Vera Sophie Ahamer, Zentrum f\u00fcr Translationswissenschaften, Universit\u00e4t Wien<em> <strong>\u00b7<\/strong><\/em> Erdal Kayhan, Klinischer Psychologe<em> <strong>\u00b7<\/strong><\/em> Ata Kaynar, M\u00e4nnergesundheitszentrum Wien<\/em><\/td><td><a href=\"https:\/\/event.univie.ac.at\/raummanagement\/standorte-und-raeume\/das-hauptgebaeude\/hoersaele\/big-hoersaal\/\">BIG-H\u00f6rsaal<\/a><br>18:30 \u2013 20:00<br><a href=\"https:\/\/youtube.com\/live\/j94zXMwyMwM?feature=share\">Aufzeichnung<\/a> <\/td><\/tr><tr><td>13<\/td><td>15.01.2025<\/td><td class=\"has-text-align-left\" data-align=\"left\">Kurzvortrag &amp; Paneldiskussion: <strong>Chancen und Barrieren des \u00f6sterreichischen Bildungssystems f\u00fcr die Kinder der Arbeitsmigrant*innen<\/strong><br><em>Kurzvortrag: Katharina Zahradnik-Stanzel, Abteilung Integration und Diversit\u00e4t der Stadt Wien<em> <strong>\u00b7<\/strong><\/em> Keynote: Katharina Brizi\u0107, Institut f\u00fcr Germanistik, Universit\u00e4t Freiburg \u00b7<\/em><em> Moderation: Kumru Uzunkaya-Sharma, Institut f\u00fcr Sprachwissenschaft<em> <strong>\u00b7<\/strong><\/em> Paneldiskutant*innen: Eva Vetter, Zentrum f\u00fcr Lehrer*innenbildung, Universit\u00e4t Wien<em> <strong>\u00b7<\/strong><\/em> \u0130lkim Erdost, Arbeiterkammer Wien, Bereichsleitung Bildung<em> <strong>\u00b7<\/strong><\/em> Philipp Schnell, \u00d6sterreichisches Institut f\u00fcr Berufsbildungsforschung, \u00f6ibf<em> <strong>\u00b7<\/strong><\/em> Markus Benesch, Allgemeinbildung, Bildungsministerium<\/em><\/td><td><a href=\"https:\/\/event.univie.ac.at\/raummanagement\/standorte-und-raeume\/das-hauptgebaeude\/hoersaele\/big-hoersaal\/\">BIG-H\u00f6rsaal<\/a><br>18:30 \u2013 20:00<br><a href=\"https:\/\/www.youtube.com\/watch?v=j7gwuIZpmag\">Aufzeichnung<\/a><\/td><\/tr><tr><td>14<\/td><td>22.01.2025<\/td><td class=\"has-text-align-left\" data-align=\"left\">Vortrag: <strong>Migrationspolitik und Demokratie<\/strong><br><em>Rainer Baub\u00f6ck, \u00d6sterreichische Akademie der Wissenschaften<\/em><\/td><td><a href=\"https:\/\/event.univie.ac.at\/raummanagement\/standorte-und-raeume\/das-hauptgebaeude\/hoersaele\/big-hoersaal\/\">BIG-H\u00f6rsaal<\/a><br>18:30 \u2013 20:00<br><a href=\"https:\/\/www.youtube.com\/live\/GEsgBVJLu8g\">Aufzeichnung<\/a><\/td><\/tr><tr><td>15<\/td><td>29.01.2025<\/td><td class=\"has-text-align-left\" data-align=\"left\">Videopr\u00e4sentation und Diskussion:<strong> Migrationsbiografien von \u201eGastarbeiter:innen\u201c<\/strong><br>Georg Traska, Institut f\u00fcr Kulturwissenschaften und Theatergeschichte, \u00d6sterreichische Akademie der Wissenschaften &amp; Edna Imamovi\u0107, Private P\u00e4dagogische Hochschule der Di\u00f6zese Linz<\/td><td><a href=\"https:\/\/faktory.at\/start\">FAKtory \u2013 Literatur, Wissen und Beratung f\u00fcr Studierende<\/a><br><br>Wir bitten um <a href=\"https:\/\/veranstaltung.akwien.at\/de\/vielsprachiges-gedaechtnis-migrationsbiografien-von-gastarbeiter-innen\/\">Anmeldung<\/a> f\u00fcr die Teilnahme vor Ort (gilt nicht f\u00fcr angemeldete Studierende)<\/td><\/tr><tr><td>16<\/td><td>31.01.2025&nbsp;<\/td><td class=\"has-text-align-left\" data-align=\"left\"><strong>Res\u00fcmee &amp; Abschluss-Event<\/strong><br><em>mit EsRap<\/em><\/td><td><a href=\"https:\/\/www.brunnenpassage.at\/kalender\/2025\/1\/60-jahre-anwerbeabkommen-mit-der-tuerkei?veranstaltunguid=251819&amp;cHash=7466a4fd99e0bafef29e18174057230c\">Brunnenpassage<\/a><br>Start um 18:30<\/td><\/tr><\/tbody><\/table><\/figure>\n<\/div>\n\n\n\n<p class=\"wp-block-paragraph\"><\/p>\n","protected":false},"excerpt":{"rendered":"<p>Stand 20.09.2024 Termin Datum Titel Ort &amp; Zeit 1 02.10.2024 Auftakt und Pr\u00e4sentationDas Organisationsteam BIG-H\u00f6rsaal18:30 \u2013 20:00Aufzeichnung 2 09.10.2024 Vortrag: Historisch-Soziologischer Blick: Narrative und PerspektivenChristoph Reinprecht,&#46;&#46;&#46;<\/p>\n","protected":false},"author":1,"featured_media":0,"comment_status":"closed","ping_status":"closed","sticky":true,"template":"","format":"standard","meta":{"footnotes":""},"categories":[1],"tags":[7,9,4,5,6,8],"class_list":["post-18","post","type-post","status-publish","format-standard","hentry","category-uncategorized","tag-locations","tag-mitwirkende","tag-programm","tag-termine","tag-veranstaltungen","tag-vortragende"],"_links":{"self":[{"href":"https:\/\/anwerbeabkommen.univie.ac.at\/index.php?rest_route=\/wp\/v2\/posts\/18","targetHints":{"allow":["GET"]}}],"collection":[{"href":"https:\/\/anwerbeabkommen.univie.ac.at\/index.php?rest_route=\/wp\/v2\/posts"}],"about":[{"href":"https:\/\/anwerbeabkommen.univie.ac.at\/index.php?rest_route=\/wp\/v2\/types\/post"}],"author":[{"embeddable":true,"href":"https:\/\/anwerbeabkommen.univie.ac.at\/index.php?rest_route=\/wp\/v2\/users\/1"}],"replies":[{"embeddable":true,"href":"https:\/\/anwerbeabkommen.univie.ac.at\/index.php?rest_route=%2Fwp%2Fv2%2Fcomments&post=18"}],"version-history":[{"count":57,"href":"https:\/\/anwerbeabkommen.univie.ac.at\/index.php?rest_route=\/wp\/v2\/posts\/18\/revisions"}],"predecessor-version":[{"id":329,"href":"https:\/\/anwerbeabkommen.univie.ac.at\/index.php?rest_route=\/wp\/v2\/posts\/18\/revisions\/329"}],"wp:attachment":[{"href":"https:\/\/anwerbeabkommen.univie.ac.at\/index.php?rest_route=%2Fwp%2Fv2%2Fmedia&parent=18"}],"wp:term":[{"taxonomy":"category","embeddable":true,"href":"https:\/\/anwerbeabkommen.univie.ac.at\/index.php?rest_route=%2Fwp%2Fv2%2Fcategories&post=18"},{"taxonomy":"post_tag","embeddable":true,"href":"https:\/\/anwerbeabkommen.univie.ac.at\/index.php?rest_route=%2Fwp%2Fv2%2Ftags&post=18"}],"curies":[{"name":"wp","href":"https:\/\/api.w.org\/{rel}","templated":true}]}}