{"id":61,"date":"2024-09-26T12:18:42","date_gmt":"2024-09-26T12:18:42","guid":{"rendered":"https:\/\/anwerbeabkommen.univie.ac.at\/?p=61"},"modified":"2025-01-08T13:05:05","modified_gmt":"2025-01-08T13:05:05","slug":"liste-der-mitwirkenden","status":"publish","type":"post","link":"https:\/\/anwerbeabkommen.univie.ac.at\/?p=61","title":{"rendered":"Liste der Mitwirkenden"},"content":{"rendered":"\n<p><strong>A<\/strong><strong>hamer Vera Sophie, Mag.a Mag.a Dr.in<\/strong>, Zentrum f\u00fcr Translationswissenschaft, Universit\u00e4t Wien<\/p>\n\n\n\n<p><strong>Ahmad Saya, Mag.a, <\/strong>Bezirksvorsteherin Wien Alsergrund<\/p>\n\n\n\n<p><strong>Akar Umut, Prof.,<\/strong> Leiter, Jazz- und Weltmusikabteilung, Prainer Konservatorium Wien<\/p>\n\n\n\n<p><strong>Akbaba Eser, Mag.a,<\/strong> Moderatorin, Journalistin<\/p>\n\n\n\n<p><strong>Akkaya-Kalayc\u0131 T\u00fcrkan, AP Prof.in Dr.in<\/strong>, Leiterin, Transkulturelle Medizin und Diversity Care, Medizinische Universit\u00e4t Wien<\/p>\n\n\n\n<p><strong>Akk\u0131l\u0131\u00e7 Arif,<\/strong> Berater und Jugendbetreuer im Migrationsbereich, Initiator des Arbeitskreises \u201eArchiv der Migration\u201c<\/p>\n\n\n\n<p><strong>Akku\u015f Reva, Mag.a pth., <\/strong>Psychotherapeutin, Supervisorin, Beraterin<\/p>\n\n\n\n<p><strong>Altan Erhan, Dipl.Ing.,<\/strong> \u00dcbersetzer, Literaturvermittler, Essayist, Wiener Diwan<\/p>\n\n\n\n<p><strong>Arslan Zeynep, Mag.a Mag.a Dr.in M.A., <\/strong>Gender- und Diversit\u00e4tsexpertin, Autorin, Herausgeberin, Trainerin, Projekt- und Veranstaltungsmanagerin<\/p>\n\n\n\n<p><strong>Asadi Shams, DIin,<\/strong> Leiterin, Menschenrechtsb\u00fcro der Stadt Wien<\/p>\n\n\n\n<p><strong>Ata\u00e7 \u0130lker, Mag. Mag. Dr. Prof. habil.,<\/strong> Professor f\u00fcr Politik in der Sozialen Arbeit, Fachbereich Sozialwesen, Hochschule Fulda<\/p>\n\n\n\n<p><strong>Baub\u00f6ck Rainer, Univ.-Prof. Doz. Dr. phil. Dr. h. c.<\/strong>, Soziologe, Politologe, Migrationsforscher, \u00d6sterreichische Akademie der Wissenschaften<\/p>\n\n\n\n<p><strong>Benesch Markus, Dr., <\/strong>&nbsp;Leiter der Gruppe I\/A, Allgemeinbildung, Leiter der Abteilung I\/7, Schulpsychologie und schul\u00e4rztlicher Dienst, Menschenrechtskoordinator, Bildungsministerium f\u00fcr Bildung, Wissenschaft und Forschung<\/p>\n\n\n\n<p><strong>Bilici Elif, B.A.,<\/strong> Trainerin, Kulturvermittlerin, freie Schauspielerin<\/p>\n\n\n\n<p><strong>Blaschitz Verena, Mag.a Dr.in, <\/strong>Deutsch als Fremd- und Zweitsprache, Institut f\u00fcr Germanistik<\/p>\n\n\n\n<p><strong>Brizi\u0107 Katharina, Prof.in Dr.in<\/strong>,  Institut f\u00fcr Germanistik, Universit\u00e4t Freiburg<\/p>\n\n\n\n<p><strong>Dirim \u0130nci, Univ.-Prof. Dr. M.A., <\/strong>Stv. Leiterin, Institut f\u00fcr Germanistik, Universit\u00e4t Wien<\/p>\n\n\n\n<p><strong>de C<\/strong><strong>illia Rudolf, ao. Univ.-Prof. i.R. Mag. Dr., I<\/strong>nstitut f\u00fcr Sprachwissenschaft, Universit\u00e4t Wien<\/p>\n\n\n\n<p><strong>\u00c7ak\u0131r Seher,<\/strong> Autorin, Lyrikerin, Erz\u00e4hlerin<strong><\/strong><\/p>\n\n\n\n<p><strong>Erol Ezgi, Univ.-Ass. Mag.art. M.A.,<\/strong> Transkulturelle Studien, Universit\u00e4t f\u00fcr angewandte Kunst Wien<\/p>\n\n\n\n<p><strong>F<\/strong><strong>aistauer Renate, Prof. i.R. Mag.a Dr.in,<\/strong> Deutsch als Fremd- und Zweitsprache, Institut f\u00fcr Germanistik<strong><\/strong><\/p>\n\n\n\n<p><strong>Flubacher Mi-Cha, Dr.in, <\/strong>Institut f\u00fcr Sprachkompetenz, Hochschule Angewandte Wissenschaften, Schweiz<\/p>\n\n\n\n<p><strong>Gedik, Ali<\/strong>, Pensionist, Aktivist<\/p>\n\n\n\n<p><strong>Grasl-Akkilic Alexandra, Mag.a,<\/strong> Stv. Leiterin, B\u00fcro f\u00fcr Frauengesundheit und Gesundheitsziele, Wiener Programm f\u00fcr Frauengesundheit, Magistratsabteilung f\u00fcr strategische Gesundheitsversorgung, Stadt Wien<\/p>\n\n\n\n<p><strong>Guldenschuh Sabine, B.A. M.A.,<\/strong> Deutsch als Fremd- und Zweitsprache, Institut f\u00fcr Germanistik, Universit\u00e4t Wien<\/p>\n\n\n\n<p><strong>Hassemer Jonas, Dr. BA MA, <\/strong>Universit\u00e4tsassistent Postdoc, Institut f\u00fcr Sprachwissenschaft, Universit\u00e4t Wien<\/p>\n\n\n\n<p><strong>H\u00e4gi-Mead, Sara, Prof.in. Dr.in,<\/strong> Deutsch als Fremdsprache und Mehrsprachigkeitsdidaktik, Institut f\u00fcr Germanistik, Rheinland-Pf\u00e4lzische Technische Universit\u00e4t, Kaiserslautern-Landau<\/p>\n\n\n\n<p><strong>Holzinger Clara, Lic. Dr. M.A. M.A., <\/strong>Universit\u00e4tsassistent Postdoc,Institut f\u00fcr Soziologie, Universit\u00e4t Wien<\/p>\n\n\n\n<p><strong>Imamovi\u0107 Edna, Mag.a, <\/strong>Doktorandin, Zentrum f\u00fcr Lehrer*innenbildung\/AB Sprachlehr- und -lernforschung, Universit\u00e4t Wien und Private P\u00e4dagogische Hochschule der Di\u00f6zese Linz<\/p>\n\n\n\n<p><strong>Jakic, Matej, MA<\/strong>, Deutschlehrer in Wien, Absolvent der Germanistik und Zentrum f\u00fcr Lehrer*innenbildung<\/p>\n\n\n\n<p><strong>Kayhan Erdal, Mag., <\/strong>Klinischer Psychologe<\/p>\n\n\n\n<p><strong>Kaynar Ata, Dr., <\/strong>Allgemein- und Ern\u00e4hrungsmediziner, M\u00e4nnergesundheitszentrum Wien<\/p>\n\n\n\n<p><strong>K\u0131l\u0131\u00e7 Kenan<\/strong>, Regisseur, Drehbuchautor<\/p>\n\n\n\n<p><strong>K\u0131<\/strong><strong>\u015flal Asl\u0131<\/strong>, Regisseurin, Dramaturgin, Gr\u00fcnderin \u201ediverCITYLAB\u201c<\/p>\n\n\n\n<p><strong>Mart\u00ednez<\/strong> <strong>Elizabeth<\/strong>, Au Pair Repair<\/p>\n\n\n\n<p><strong>Nguyen Khoi, B.A. M.A. PhD,<\/strong> Universit\u00e4tsassistent, Institut f\u00fcr Sprachwissenschaft, Universit\u00e4t Wien<\/p>\n\n\n\n<p><strong>\u00d6zmen Esra, <\/strong>Kunst- und Musikschaffende<\/p>\n\n\n\n<p><strong>\u00d6zmen Enes,<\/strong> Kunst- und Musikschaffende<\/p>\n\n\n\n<p><strong>\u00d6zmen Sabri, Dr.phil., <\/strong>Bildungsdirektion Wien, Fachstab 2-p\u00e4dagogischer Dienst, Sprachf\u00f6rderzentrum<\/p>\n\n\n\n<p><strong>P<\/strong><strong>lutzar Verena, Mag.a Dr.in&nbsp; M.A., <\/strong>Deutsch als Fremd- und Zweitsprache, Institut f\u00fcr Germanistik, Universit\u00e4t Wien<\/p>\n\n\n\n<p><strong>Reinprecht Christoph, ao. Univ.-Prof. i.R. Mag. Dr.,<\/strong> Institut f\u00fcr Soziologie und European Studies, Universit\u00e4t Wien<\/p>\n\n\n\n<p><strong>Rupnow Dirk, Univ.-Prof. Mag. Dr., <\/strong>Dekan, Philosophisch-Historische Fakult\u00e4t, Institut f\u00fcr Zeitgeschichte, Universit\u00e4t Innsbruck<\/p>\n\n\n\n<p><strong>Schnell Philipp, Dr., <\/strong>Gesch\u00e4ftsf\u00fchrer, \u00d6sterreichisches Institut f\u00fcr Berufsbildungsforschung, \u00f6ibf<\/p>\n\n\n\n<p><strong>Spitzm\u00fcller J\u00fcrgen, Univ.-Prof. Dr., <\/strong>Stv. Leiter, Institut f\u00fcr Sprachwissenschaft, Universit\u00e4t Wien<\/p>\n\n\n\n<p><strong>Sobel Ariella, Mag. M.A.,<\/strong> Leiterin der Fachbereichsbibliothek Bildungswissenschaft, Sprachwissenschaft und Vergleichende Literaturwissenschaft, Universit\u00e4t Wien<\/p>\n\n\n\n<p><strong>Suba\u015f\u0131-Singh \u015eeyda, Dr.in,<\/strong> Zentrum f\u00fcr Lehrer*innenbildung<\/p>\n\n\n\n<p><strong>Taner Defne, B.A. M.A.,<\/strong> Universit\u00e4tsassistentin, Institut f\u00fcr Germanistik<\/p>\n\n\n\n<p><strong>Ta\u015fdemir Dilek, Mag.a,<\/strong> Volkshochschulen Wien, Lernraum.vhs.at<\/p>\n\n\n\n<p><strong>Traska Georg, Mag. Dr., <\/strong>Institut f\u00fcr Kulturwissenschaften und Theatergeschichte, \u00d6sterreichische Akademie der Wissenschaften<\/p>\n\n\n\n<p><strong>Tuncel T\u00fclay,<\/strong> Gr\u00fcndungscoach, Wirtschaftsagentur Wien<\/p>\n\n\n\n<p><strong>Uzunkaya-Sharma Kumru, Mag.a, <\/strong>Doktorandin, Turkologie, Institut f\u00fcr Orientalistik, Universit\u00e4t Wien und Arbeitsgruppe Komparative Psycholinguistik, Institut f\u00fcr Sprachwissenschaft, Universit\u00e4t Wien<\/p>\n\n\n\n<p><strong>Vetter Eva, Univ.-Prof. Mag. Dr.<\/strong>, Sprachlehr- und -lernforschung, Zentrum f\u00fcr Lehrer*innenbildung, Universit\u00e4t Wien<\/p>\n\n\n\n<p><strong>Weichselbaum Maria, Mag.a B.A. M.A., <\/strong>Deutsch als Fremd- und Zweitsprache, Institut f\u00fcr Germanistik, Universit\u00e4t Wien<\/p>\n\n\n\n<p><strong>Winiecka Katarzyna,<\/strong> Gesch\u00e4ftsleiterin, UNDOK-Anlaufstelle zur gewerkschaftlichen Unterst\u00fctzung undokumentiert Arbeitender<\/p>\n\n\n\n<p><strong>Y\u0131lmaz-G\u00fcl\u015fan T\u00fclay,<\/strong> Volksschullehrerin, Verein Muttersprachlicher LehrerInnen in \u00d6sterreich, VMLOE<\/p>\n\n\n\n<p><strong>Zahradnik-Stanzel Katharina, Mag.a, <\/strong>Leiterin, Diversit\u00e4tsmanagement,Abteilung f\u00fcr Integration und Diversit\u00e4t der Stadt Wien<\/p>\n\n\n\n<p><strong>Zimmermann Karin, Mag.a, <\/strong>Bundesfrauensekret\u00e4rin, \u00d6sterreichischer Gewerkschaftsbund<\/p>\n","protected":false},"excerpt":{"rendered":"<p>Ahamer Vera Sophie, Mag.a Mag.a Dr.in, Zentrum f\u00fcr Translationswissenschaft, Universit\u00e4t Wien Ahmad Saya, Mag.a, Bezirksvorsteherin Wien Alsergrund Akar Umut, Prof., Leiter, Jazz- und Weltmusikabteilung, Prainer Konservatorium&#46;&#46;&#46;<\/p>\n","protected":false},"author":1,"featured_media":0,"comment_status":"closed","ping_status":"closed","sticky":false,"template":"","format":"standard","meta":{"footnotes":""},"categories":[1],"tags":[9],"class_list":["post-61","post","type-post","status-publish","format-standard","hentry","category-uncategorized","tag-mitwirkende"],"_links":{"self":[{"href":"https:\/\/anwerbeabkommen.univie.ac.at\/index.php?rest_route=\/wp\/v2\/posts\/61","targetHints":{"allow":["GET"]}}],"collection":[{"href":"https:\/\/anwerbeabkommen.univie.ac.at\/index.php?rest_route=\/wp\/v2\/posts"}],"about":[{"href":"https:\/\/anwerbeabkommen.univie.ac.at\/index.php?rest_route=\/wp\/v2\/types\/post"}],"author":[{"embeddable":true,"href":"https:\/\/anwerbeabkommen.univie.ac.at\/index.php?rest_route=\/wp\/v2\/users\/1"}],"replies":[{"embeddable":true,"href":"https:\/\/anwerbeabkommen.univie.ac.at\/index.php?rest_route=%2Fwp%2Fv2%2Fcomments&post=61"}],"version-history":[{"count":11,"href":"https:\/\/anwerbeabkommen.univie.ac.at\/index.php?rest_route=\/wp\/v2\/posts\/61\/revisions"}],"predecessor-version":[{"id":303,"href":"https:\/\/anwerbeabkommen.univie.ac.at\/index.php?rest_route=\/wp\/v2\/posts\/61\/revisions\/303"}],"wp:attachment":[{"href":"https:\/\/anwerbeabkommen.univie.ac.at\/index.php?rest_route=%2Fwp%2Fv2%2Fmedia&parent=61"}],"wp:term":[{"taxonomy":"category","embeddable":true,"href":"https:\/\/anwerbeabkommen.univie.ac.at\/index.php?rest_route=%2Fwp%2Fv2%2Fcategories&post=61"},{"taxonomy":"post_tag","embeddable":true,"href":"https:\/\/anwerbeabkommen.univie.ac.at\/index.php?rest_route=%2Fwp%2Fv2%2Ftags&post=61"}],"curies":[{"name":"wp","href":"https:\/\/api.w.org\/{rel}","templated":true}]}}